{"id":1465,"date":"2023-02-08T13:36:38","date_gmt":"2023-02-08T13:36:38","guid":{"rendered":"https:\/\/www.saludsanjavier.cl\/sanjavier\/?p=1465"},"modified":"2023-02-08T13:43:29","modified_gmt":"2023-02-08T13:43:29","slug":"1465","status":"publish","type":"post","link":"https:\/\/www.saludsanjavier.cl\/sanjavier\/2023\/02\/08\/1465\/","title":{"rendered":"<strong>Firma de Comodatos de Catres Cl\u00ednicos para 11 nuevos beneficiarios.<\/strong>"},"content":{"rendered":"\n<p class=\"has-large-font-size\"><strong>Firma de Comodatos de Catres Cl\u00ednicos para 11 nuevos beneficiarios.<\/strong><\/p>\n\n\n\n<figure class=\"wp-block-embed is-type-video is-provider-youtube wp-block-embed-youtube wp-embed-aspect-16-9 wp-has-aspect-ratio\"><div class=\"wp-block-embed__wrapper\">\n<div class=\"ast-oembed-container \" style=\"height: 100%;\"><iframe title=\"Nota de prensa - Firma de Comodatos de Catres Cl\u00ednicos\" width=\"500\" height=\"281\" src=\"https:\/\/www.youtube.com\/embed\/4p7fFJR8Qis?feature=oembed\" frameborder=\"0\" allow=\"accelerometer; autoplay; clipboard-write; encrypted-media; gyroscope; picture-in-picture; web-share\" referrerpolicy=\"strict-origin-when-cross-origin\" allowfullscreen><\/iframe><\/div>\n<\/div><\/figure>\n\n\n\n<p>Con la presencia de nuestro alcalde Jorge Silva Sep\u00falveda, Concejales, Departamento Comunal de Salud y los cuidadores de este \u201cPrograma de Atenci\u00f3n Domiciliaria para Personas con Dependencia Severa\u201d, se realiz\u00f3 hoy con fecha 7 de febrero de 2023 la firma de comodatos de catres cl\u00ednicos para 11 usuarios de la comuna, los cuales han sido beneficiados con la entrega de catres cl\u00ednicos.<\/p>\n\n\n\n<p>Esto en funci\u00f3n del \u201cPrograma de Atenci\u00f3n Domiciliaria para Personas con Dependencia Severa\u201d, el cual busca contribuir a elevar el nivel de bienestar de las personas con dependencia severa, en situaci\u00f3n de discapacidad o movilidad reducida.<\/p>\n\n\n\n<p>Una estrategia impulsada por nuestro alcalde Jorge Silva Sep\u00falveda y aprobada por los miembros de nuestro honorable Concejo Municipal, que en la preocupaci\u00f3n por nuestros usuarios en situaci\u00f3n de dependencia severa se ha visto en la necesidad de mejorar su bienestar, personal y familiar con la compra y entrega de estos catres cl\u00ednicos tras firmar un comodato que garantiza su correcta utilizaci\u00f3n.<\/p>\n\n\n\n<p>El Alcalde Jorge Silva Sep\u00falveda expres\u00f3 \u201cSin duda esta es una gran ayuda para los usuarios y las familias. Seguimos trabajando por la salud y bienestar de mis Vecinos y Vecinas, es por eso que hoy nuevamente hemos realizado la entrega de nuevos catres cl\u00ednicos para quienes m\u00e1s lo necesitan, entregando as\u00ed una gran ayuda y vida digna para qui\u00e9nes necesiten de estos elementos\u201d.<\/p>\n\n\n\n<div class=\"wp-block-group is-layout-constrained wp-block-group-is-layout-constrained\"><div class=\"wp-block-post-date\"><time datetime=\"2023-02-08T13:36:38+00:00\">febrero 8, 2023<\/time><\/div><\/div>\n\n\n\n<figure class=\"wp-block-gallery has-nested-images columns-default is-cropped wp-block-gallery-1 is-layout-flex wp-block-gallery-is-layout-flex\">\n<figure class=\"wp-block-image size-large\"><img decoding=\"async\" data-id=\"1467\" src=\"https:\/\/www.saludsanjavier.cl\/sanjavier\/wp-content\/uploads\/2023\/02\/IMG_1134-1024x683.jpg\" alt=\"\" class=\"wp-image-1467\"\/><\/figure>\n\n\n\n<figure class=\"wp-block-image size-large\"><img decoding=\"async\" data-id=\"1466\" src=\"https:\/\/www.saludsanjavier.cl\/sanjavier\/wp-content\/uploads\/2023\/02\/IMG_1155-1024x683.jpg\" alt=\"\" class=\"wp-image-1466\"\/><\/figure>\n\n\n\n<figure class=\"wp-block-image size-large\"><img decoding=\"async\" data-id=\"1468\" src=\"https:\/\/www.saludsanjavier.cl\/sanjavier\/wp-content\/uploads\/2023\/02\/IMG_1171-1024x683.jpg\" alt=\"\" class=\"wp-image-1468\"\/><\/figure>\n<\/figure>\n","protected":false},"excerpt":{"rendered":"<p>Firma de Comodatos de Catres Cl\u00ednicos para 11 nuevos beneficiarios. Con la presencia de nuestro alcalde Jorge Silva Sep\u00falveda, Concejales, Departamento Comunal de Salud y los cuidadores de este \u201cPrograma de Atenci\u00f3n Domiciliaria para Personas con Dependencia Severa\u201d, se realiz\u00f3 hoy con fecha 7 de febrero de 2023 la firma de comodatos de catres cl\u00ednicos [&hellip;]<\/p>\n","protected":false},"author":2,"featured_media":0,"comment_status":"open","ping_status":"open","sticky":false,"template":"","format":"standard","meta":{"site-sidebar-layout":"default","site-content-layout":"","ast-site-content-layout":"default","site-content-style":"default","site-sidebar-style":"default","ast-global-header-display":"","ast-banner-title-visibility":"","ast-main-header-display":"","ast-hfb-above-header-display":"","ast-hfb-below-header-display":"","ast-hfb-mobile-header-display":"","site-post-title":"","ast-breadcrumbs-content":"","ast-featured-img":"","footer-sml-layout":"","theme-transparent-header-meta":"","adv-header-id-meta":"","stick-header-meta":"","header-above-stick-meta":"","header-main-stick-meta":"","header-below-stick-meta":"","astra-migrate-meta-layouts":"default","ast-page-background-enabled":"default","ast-page-background-meta":{"desktop":{"background-color":"var(--ast-global-color-4)","background-image":"","background-repeat":"repeat","background-position":"center center","background-size":"auto","background-attachment":"scroll","background-type":"","background-media":"","overlay-type":"","overlay-color":"","overlay-opacity":"","overlay-gradient":""},"tablet":{"background-color":"","background-image":"","background-repeat":"repeat","background-position":"center center","background-size":"auto","background-attachment":"scroll","background-type":"","background-media":"","overlay-type":"","overlay-color":"","overlay-opacity":"","overlay-gradient":""},"mobile":{"background-color":"","background-image":"","background-repeat":"repeat","background-position":"center center","background-size":"auto","background-attachment":"scroll","background-type":"","background-media":"","overlay-type":"","overlay-color":"","overlay-opacity":"","overlay-gradient":""}},"ast-content-background-meta":{"desktop":{"background-color":"var(--ast-global-color-5)","background-image":"","background-repeat":"repeat","background-position":"center center","background-size":"auto","background-attachment":"scroll","background-type":"","background-media":"","overlay-type":"","overlay-color":"","overlay-opacity":"","overlay-gradient":""},"tablet":{"background-color":"var(--ast-global-color-5)","background-image":"","background-repeat":"repeat","background-position":"center center","background-size":"auto","background-attachment":"scroll","background-type":"","background-media":"","overlay-type":"","overlay-color":"","overlay-opacity":"","overlay-gradient":""},"mobile":{"background-color":"var(--ast-global-color-5)","background-image":"","background-repeat":"repeat","background-position":"center center","background-size":"auto","background-attachment":"scroll","background-type":"","background-media":"","overlay-type":"","overlay-color":"","overlay-opacity":"","overlay-gradient":""}},"wds_primary_category":0,"footnotes":""},"categories":[4],"tags":[],"class_list":["post-1465","post","type-post","status-publish","format-standard","hentry","category-cesfam"],"_links":{"self":[{"href":"https:\/\/www.saludsanjavier.cl\/sanjavier\/wp-json\/wp\/v2\/posts\/1465","targetHints":{"allow":["GET"]}}],"collection":[{"href":"https:\/\/www.saludsanjavier.cl\/sanjavier\/wp-json\/wp\/v2\/posts"}],"about":[{"href":"https:\/\/www.saludsanjavier.cl\/sanjavier\/wp-json\/wp\/v2\/types\/post"}],"author":[{"embeddable":true,"href":"https:\/\/www.saludsanjavier.cl\/sanjavier\/wp-json\/wp\/v2\/users\/2"}],"replies":[{"embeddable":true,"href":"https:\/\/www.saludsanjavier.cl\/sanjavier\/wp-json\/wp\/v2\/comments?post=1465"}],"version-history":[{"count":2,"href":"https:\/\/www.saludsanjavier.cl\/sanjavier\/wp-json\/wp\/v2\/posts\/1465\/revisions"}],"predecessor-version":[{"id":1474,"href":"https:\/\/www.saludsanjavier.cl\/sanjavier\/wp-json\/wp\/v2\/posts\/1465\/revisions\/1474"}],"wp:attachment":[{"href":"https:\/\/www.saludsanjavier.cl\/sanjavier\/wp-json\/wp\/v2\/media?parent=1465"}],"wp:term":[{"taxonomy":"category","embeddable":true,"href":"https:\/\/www.saludsanjavier.cl\/sanjavier\/wp-json\/wp\/v2\/categories?post=1465"},{"taxonomy":"post_tag","embeddable":true,"href":"https:\/\/www.saludsanjavier.cl\/sanjavier\/wp-json\/wp\/v2\/tags?post=1465"}],"curies":[{"name":"wp","href":"https:\/\/api.w.org\/{rel}","templated":true}]}}