{"id":1481,"date":"2023-02-10T14:59:38","date_gmt":"2023-02-10T14:59:38","guid":{"rendered":"https:\/\/www.saludsanjavier.cl\/sanjavier\/?p=1481"},"modified":"2023-02-10T14:59:38","modified_gmt":"2023-02-10T14:59:38","slug":"sala-de-estimulacion-programa-chile-crece-contigo","status":"publish","type":"post","link":"https:\/\/www.saludsanjavier.cl\/sanjavier\/2023\/02\/10\/sala-de-estimulacion-programa-chile-crece-contigo\/","title":{"rendered":"Sala de Estimulaci\u00f3n Programa Chile Crece Contigo"},"content":{"rendered":"\n<h2 class=\"wp-block-heading\">Sala de Estimulaci\u00f3n Programa Chile Crece Contigo<\/h2>\n\n\n\n<figure class=\"wp-block-embed is-type-video is-provider-youtube wp-block-embed-youtube wp-embed-aspect-16-9 wp-has-aspect-ratio\"><div class=\"wp-block-embed__wrapper\">\n<div class=\"ast-oembed-container \" style=\"height: 100%;\"><iframe title=\"Capsula - Sala de Estimulaci\u00f3n Programa Chile Crece Contigo\" width=\"500\" height=\"281\" src=\"https:\/\/www.youtube.com\/embed\/k3UQdI4gKGQ?feature=oembed\" frameborder=\"0\" allow=\"accelerometer; autoplay; clipboard-write; encrypted-media; gyroscope; picture-in-picture; web-share\" referrerpolicy=\"strict-origin-when-cross-origin\" allowfullscreen><\/iframe><\/div>\n<\/div><\/figure>\n\n\n\n<p>Te invitamos a conocer la Sala de Estimulaci\u00f3n del Programa Chile Crece Contigo que esta en las dependencias de nuestro CESFAM Dr. Carlos D\u00edaz Gidi.<\/p>\n\n\n\n<p>Es un espacio dirigido a ni\u00f1os y ni\u00f1as de entre 0 a 4 a\u00f1os 11 meses, donde se eval\u00faa y estimula el adecuado desarrollo de las habilidades psicomotrices (motricidad, coordinaci\u00f3n, lenguaje) en compa\u00f1\u00eda de las familias, entregando herramientas para que sean reforzadas en el hogar.<\/p>\n\n\n\n<p>Los objetivos de esta sala contemplan, Apoyar la crianza y educaci\u00f3n de ni\u00f1os y ni\u00f1as en situaci\u00f3n de riesgo psicosocial, fortaleciendo el v\u00ednculo afectivo y el desarrollo psicosocial.<\/p>\n\n\n\n<p>Entregar herramientas a los padres, madres y cuidadores enfocadas a la crianza, la estimulaci\u00f3n del desarrollo psicomotor y la actividad l\u00fadica, para que de esta manera, puedan replicarlo en el hogar.<\/p>\n\n\n\n<p>Estimular las \u00e1reas descendidas para lograr un adecuado desarrollo acorde a su edad cronol\u00f3gica.<\/p>\n\n\n\n<p>Adem\u00e1s de esto invitamos a la comunidad a realizar sus controles pedi\u00e1tricos e infantil, y as\u00ed permitir a los profesionales identificar e intervenir de manera oportuna.<\/p>\n\n\n\n<p><\/p>\n","protected":false},"excerpt":{"rendered":"<p>Sala de Estimulaci\u00f3n Programa Chile Crece Contigo Te invitamos a conocer la Sala de Estimulaci\u00f3n del Programa Chile Crece Contigo que esta en las dependencias de nuestro CESFAM Dr. Carlos D\u00edaz Gidi. Es un espacio dirigido a ni\u00f1os y ni\u00f1as de entre 0 a 4 a\u00f1os 11 meses, donde se eval\u00faa y estimula el adecuado [&hellip;]<\/p>\n","protected":false},"author":2,"featured_media":0,"comment_status":"open","ping_status":"open","sticky":false,"template":"","format":"standard","meta":{"site-sidebar-layout":"default","site-content-layout":"","ast-site-content-layout":"default","site-content-style":"default","site-sidebar-style":"default","ast-global-header-display":"","ast-banner-title-visibility":"","ast-main-header-display":"","ast-hfb-above-header-display":"","ast-hfb-below-header-display":"","ast-hfb-mobile-header-display":"","site-post-title":"","ast-breadcrumbs-content":"","ast-featured-img":"","footer-sml-layout":"","theme-transparent-header-meta":"","adv-header-id-meta":"","stick-header-meta":"","header-above-stick-meta":"","header-main-stick-meta":"","header-below-stick-meta":"","astra-migrate-meta-layouts":"default","ast-page-background-enabled":"default","ast-page-background-meta":{"desktop":{"background-color":"var(--ast-global-color-4)","background-image":"","background-repeat":"repeat","background-position":"center center","background-size":"auto","background-attachment":"scroll","background-type":"","background-media":"","overlay-type":"","overlay-color":"","overlay-opacity":"","overlay-gradient":""},"tablet":{"background-color":"","background-image":"","background-repeat":"repeat","background-position":"center center","background-size":"auto","background-attachment":"scroll","background-type":"","background-media":"","overlay-type":"","overlay-color":"","overlay-opacity":"","overlay-gradient":""},"mobile":{"background-color":"","background-image":"","background-repeat":"repeat","background-position":"center center","background-size":"auto","background-attachment":"scroll","background-type":"","background-media":"","overlay-type":"","overlay-color":"","overlay-opacity":"","overlay-gradient":""}},"ast-content-background-meta":{"desktop":{"background-color":"var(--ast-global-color-5)","background-image":"","background-repeat":"repeat","background-position":"center center","background-size":"auto","background-attachment":"scroll","background-type":"","background-media":"","overlay-type":"","overlay-color":"","overlay-opacity":"","overlay-gradient":""},"tablet":{"background-color":"var(--ast-global-color-5)","background-image":"","background-repeat":"repeat","background-position":"center center","background-size":"auto","background-attachment":"scroll","background-type":"","background-media":"","overlay-type":"","overlay-color":"","overlay-opacity":"","overlay-gradient":""},"mobile":{"background-color":"var(--ast-global-color-5)","background-image":"","background-repeat":"repeat","background-position":"center center","background-size":"auto","background-attachment":"scroll","background-type":"","background-media":"","overlay-type":"","overlay-color":"","overlay-opacity":"","overlay-gradient":""}},"wds_primary_category":0,"footnotes":""},"categories":[4],"tags":[],"class_list":["post-1481","post","type-post","status-publish","format-standard","hentry","category-cesfam"],"_links":{"self":[{"href":"https:\/\/www.saludsanjavier.cl\/sanjavier\/wp-json\/wp\/v2\/posts\/1481","targetHints":{"allow":["GET"]}}],"collection":[{"href":"https:\/\/www.saludsanjavier.cl\/sanjavier\/wp-json\/wp\/v2\/posts"}],"about":[{"href":"https:\/\/www.saludsanjavier.cl\/sanjavier\/wp-json\/wp\/v2\/types\/post"}],"author":[{"embeddable":true,"href":"https:\/\/www.saludsanjavier.cl\/sanjavier\/wp-json\/wp\/v2\/users\/2"}],"replies":[{"embeddable":true,"href":"https:\/\/www.saludsanjavier.cl\/sanjavier\/wp-json\/wp\/v2\/comments?post=1481"}],"version-history":[{"count":1,"href":"https:\/\/www.saludsanjavier.cl\/sanjavier\/wp-json\/wp\/v2\/posts\/1481\/revisions"}],"predecessor-version":[{"id":1485,"href":"https:\/\/www.saludsanjavier.cl\/sanjavier\/wp-json\/wp\/v2\/posts\/1481\/revisions\/1485"}],"wp:attachment":[{"href":"https:\/\/www.saludsanjavier.cl\/sanjavier\/wp-json\/wp\/v2\/media?parent=1481"}],"wp:term":[{"taxonomy":"category","embeddable":true,"href":"https:\/\/www.saludsanjavier.cl\/sanjavier\/wp-json\/wp\/v2\/categories?post=1481"},{"taxonomy":"post_tag","embeddable":true,"href":"https:\/\/www.saludsanjavier.cl\/sanjavier\/wp-json\/wp\/v2\/tags?post=1481"}],"curies":[{"name":"wp","href":"https:\/\/api.w.org\/{rel}","templated":true}]}}