{"id":2290,"date":"2023-08-08T20:42:28","date_gmt":"2023-08-08T20:42:28","guid":{"rendered":"https:\/\/www.saludsanjavier.cl\/sanjavier\/?p=2290"},"modified":"2023-08-08T20:45:03","modified_gmt":"2023-08-08T20:45:03","slug":"vacunacion-dtpa-para-primeros-y-octavos-basicos-de-la-comuna","status":"publish","type":"post","link":"https:\/\/www.saludsanjavier.cl\/sanjavier\/2023\/08\/08\/vacunacion-dtpa-para-primeros-y-octavos-basicos-de-la-comuna\/","title":{"rendered":"Vacunaci\u00f3n DTPA para primeros y octavos b\u00e1sicos de la comuna"},"content":{"rendered":"\t\t<div data-elementor-type=\"wp-post\" data-elementor-id=\"2290\" class=\"elementor elementor-2290\" data-elementor-post-type=\"post\">\n\t\t\t\t\t\t<section class=\"elementor-section elementor-top-section elementor-element elementor-element-e9c9a23 elementor-section-boxed elementor-section-height-default elementor-section-height-default\" data-id=\"e9c9a23\" data-element_type=\"section\">\n\t\t\t\t\t\t<div class=\"elementor-container elementor-column-gap-default\">\n\t\t\t\t\t<div class=\"elementor-column elementor-col-100 elementor-top-column elementor-element elementor-element-426e476\" data-id=\"426e476\" data-element_type=\"column\">\n\t\t\t<div class=\"elementor-widget-wrap elementor-element-populated\">\n\t\t\t\t\t\t<div class=\"elementor-element elementor-element-6324fe7 elementor-widget elementor-widget-image\" data-id=\"6324fe7\" data-element_type=\"widget\" data-widget_type=\"image.default\">\n\t\t\t\t<div class=\"elementor-widget-container\">\n\t\t\t\t\t\t\t\t\t\t\t\t\t\t\t<img fetchpriority=\"high\" decoding=\"async\" width=\"768\" height=\"512\" src=\"https:\/\/www.saludsanjavier.cl\/sanjavier\/wp-content\/uploads\/2023\/08\/IMG_7146-Mejorado-NR-768x512.jpg\" class=\"attachment-medium_large size-medium_large wp-image-2300\" alt=\"\" srcset=\"https:\/\/www.saludsanjavier.cl\/sanjavier\/wp-content\/uploads\/2023\/08\/IMG_7146-Mejorado-NR-768x512.jpg 768w, https:\/\/www.saludsanjavier.cl\/sanjavier\/wp-content\/uploads\/2023\/08\/IMG_7146-Mejorado-NR-300x200.jpg 300w, https:\/\/www.saludsanjavier.cl\/sanjavier\/wp-content\/uploads\/2023\/08\/IMG_7146-Mejorado-NR-1024x683.jpg 1024w, https:\/\/www.saludsanjavier.cl\/sanjavier\/wp-content\/uploads\/2023\/08\/IMG_7146-Mejorado-NR-1536x1024.jpg 1536w, https:\/\/www.saludsanjavier.cl\/sanjavier\/wp-content\/uploads\/2023\/08\/IMG_7146-Mejorado-NR-2048x1365.jpg 2048w\" sizes=\"(max-width: 768px) 100vw, 768px\" \/>\t\t\t\t\t\t\t\t\t\t\t\t\t\t\t<\/div>\n\t\t\t\t<\/div>\n\t\t\t\t<div class=\"elementor-element elementor-element-e1f1b92 elementor-widget elementor-widget-heading\" data-id=\"e1f1b92\" data-element_type=\"widget\" data-widget_type=\"heading.default\">\n\t\t\t\t<div class=\"elementor-widget-container\">\n\t\t\t\t\t<h2 class=\"elementor-heading-title elementor-size-default\">Vacunaci\u00f3n DTPA para primeros y octavos b\u00e1sicos de la comuna.<\/h2>\t\t\t\t<\/div>\n\t\t\t\t<\/div>\n\t\t\t\t<div class=\"elementor-element elementor-element-745fbe8 elementor-widget elementor-widget-post-info\" data-id=\"745fbe8\" data-element_type=\"widget\" data-widget_type=\"post-info.default\">\n\t\t\t\t<div class=\"elementor-widget-container\">\n\t\t\t\t\t\t\t<ul class=\"elementor-inline-items elementor-icon-list-items elementor-post-info\">\n\t\t\t\t\t\t\t\t<li class=\"elementor-icon-list-item elementor-repeater-item-676dff6 elementor-inline-item\" itemprop=\"datePublished\">\n\t\t\t\t\t\t<a href=\"https:\/\/www.saludsanjavier.cl\/sanjavier\/2023\/08\/08\/\">\n\t\t\t\t\t\t\t\t\t\t\t<span class=\"elementor-icon-list-icon\">\n\t\t\t\t\t\t\t\t<i aria-hidden=\"true\" class=\"fas fa-calendar\"><\/i>\t\t\t\t\t\t\t<\/span>\n\t\t\t\t\t\t\t\t\t<span class=\"elementor-icon-list-text elementor-post-info__item elementor-post-info__item--type-date\">\n\t\t\t\t\t\t\t\t\t\t<time>agosto 8, 2023<\/time>\t\t\t\t\t<\/span>\n\t\t\t\t\t\t\t\t\t<\/a>\n\t\t\t\t<\/li>\n\t\t\t\t<li class=\"elementor-icon-list-item elementor-repeater-item-7aed8ba elementor-inline-item\" itemprop=\"author\">\n\t\t\t\t\t\t<a href=\"https:\/\/www.saludsanjavier.cl\/sanjavier\/author\/javier-aguirresaludsanjavier-cl\/\">\n\t\t\t\t\t\t\t\t\t\t\t<span class=\"elementor-icon-list-icon\">\n\t\t\t\t\t\t\t\t<i aria-hidden=\"true\" class=\"far fa-user-circle\"><\/i>\t\t\t\t\t\t\t<\/span>\n\t\t\t\t\t\t\t\t\t<span class=\"elementor-icon-list-text elementor-post-info__item elementor-post-info__item--type-author\">\n\t\t\t\t\t\t\t\t\t\tJAVIER AGUIIRE\t\t\t\t\t<\/span>\n\t\t\t\t\t\t\t\t\t<\/a>\n\t\t\t\t<\/li>\n\t\t\t\t<\/ul>\n\t\t\t\t\t\t<\/div>\n\t\t\t\t<\/div>\n\t\t\t\t<div class=\"elementor-element elementor-element-0b01f13 elementor-widget-divider--view-line elementor-widget elementor-widget-divider\" data-id=\"0b01f13\" data-element_type=\"widget\" data-widget_type=\"divider.default\">\n\t\t\t\t<div class=\"elementor-widget-container\">\n\t\t\t\t\t\t\t<div class=\"elementor-divider\">\n\t\t\t<span class=\"elementor-divider-separator\">\n\t\t\t\t\t\t<\/span>\n\t\t<\/div>\n\t\t\t\t\t\t<\/div>\n\t\t\t\t<\/div>\n\t\t\t\t\t<\/div>\n\t\t<\/div>\n\t\t\t\t\t<\/div>\n\t\t<\/section>\n\t\t\t\t<section class=\"elementor-section elementor-top-section elementor-element elementor-element-223a171 elementor-section-boxed elementor-section-height-default elementor-section-height-default\" data-id=\"223a171\" data-element_type=\"section\">\n\t\t\t\t\t\t<div class=\"elementor-container elementor-column-gap-default\">\n\t\t\t\t\t<div class=\"elementor-column elementor-col-33 elementor-top-column elementor-element elementor-element-f76c253\" data-id=\"f76c253\" data-element_type=\"column\">\n\t\t\t<div class=\"elementor-widget-wrap elementor-element-populated\">\n\t\t\t\t\t\t<div class=\"elementor-element elementor-element-36177c8 elementor-widget elementor-widget-text-editor\" data-id=\"36177c8\" data-element_type=\"widget\" data-widget_type=\"text-editor.default\">\n\t\t\t\t<div class=\"elementor-widget-container\">\n\t\t\t\t\t\t\t\t\t<p>Desde este Lunes nuestro equipo de vacunaci\u00f3n del Cesfam Dr. Carlos D\u00edaz Gidi se traslada por los distintos colegios y escuelas de la comuna, el establecimiento educacional Colegio Piaget de San Javier fue el primero de esta semana con la vacunaci\u00f3n de primeros y octavos b\u00e1sicos con la vacuna DTPA.\u00a0<\/p><p>Esta cubre a los infantes contra la difteria, t\u00e9tanos y tos convulsiva, queremos recordar a padres y apoderados qu\u00e9 est\u00e1 vacuna es de car\u00e1cter obligatorio, y que nuestro equipo se encuentra realizando la vacunaci\u00f3n en todas las escuelas y colegios de la comuna, tanto en zona urbana como rural.<\/p>\t\t\t\t\t\t\t\t<\/div>\n\t\t\t\t<\/div>\n\t\t\t\t\t<\/div>\n\t\t<\/div>\n\t\t\t\t<div class=\"elementor-column elementor-col-66 elementor-top-column elementor-element elementor-element-d5e5271\" data-id=\"d5e5271\" data-element_type=\"column\">\n\t\t\t<div class=\"elementor-widget-wrap elementor-element-populated\">\n\t\t\t\t\t\t<div class=\"elementor-element elementor-element-4dfbd07 elementor-widget elementor-widget-video\" data-id=\"4dfbd07\" data-element_type=\"widget\" data-settings=\"{&quot;youtube_url&quot;:&quot;https:\\\/\\\/youtu.be\\\/RDSJoRZW37Q&quot;,&quot;video_type&quot;:&quot;youtube&quot;,&quot;controls&quot;:&quot;yes&quot;}\" data-widget_type=\"video.default\">\n\t\t\t\t<div class=\"elementor-widget-container\">\n\t\t\t\t\t\t\t<div class=\"elementor-wrapper elementor-open-inline\">\n\t\t\t<div class=\"elementor-video\"><\/div>\t\t<\/div>\n\t\t\t\t\t\t<\/div>\n\t\t\t\t<\/div>\n\t\t\t\t<div class=\"elementor-element elementor-element-c92b574 elementor-arrows-position-inside elementor-pagination-position-outside elementor-widget elementor-widget-image-carousel\" data-id=\"c92b574\" data-element_type=\"widget\" data-settings=\"{&quot;slides_to_show&quot;:&quot;1&quot;,&quot;navigation&quot;:&quot;both&quot;,&quot;autoplay&quot;:&quot;yes&quot;,&quot;pause_on_hover&quot;:&quot;yes&quot;,&quot;pause_on_interaction&quot;:&quot;yes&quot;,&quot;autoplay_speed&quot;:5000,&quot;infinite&quot;:&quot;yes&quot;,&quot;effect&quot;:&quot;slide&quot;,&quot;speed&quot;:500}\" data-widget_type=\"image-carousel.default\">\n\t\t\t\t<div class=\"elementor-widget-container\">\n\t\t\t\t\t\t\t<div class=\"elementor-image-carousel-wrapper swiper\" role=\"region\" aria-roledescription=\"carousel\" aria-label=\"Carrusel de im\u00e1genes\" dir=\"ltr\">\n\t\t\t<div class=\"elementor-image-carousel swiper-wrapper\" aria-live=\"off\">\n\t\t\t\t\t\t\t\t<div class=\"swiper-slide\" role=\"group\" aria-roledescription=\"slide\" aria-label=\"1 de 10\"><figure class=\"swiper-slide-inner\"><img decoding=\"async\" class=\"swiper-slide-image\" src=\"https:\/\/www.saludsanjavier.cl\/sanjavier\/wp-content\/uploads\/2023\/08\/IMG_7110-Mejorado-NR-scaled.jpg\" alt=\"IMG_7110-Mejorado-NR\" \/><\/figure><\/div><div class=\"swiper-slide\" role=\"group\" aria-roledescription=\"slide\" aria-label=\"2 de 10\"><figure class=\"swiper-slide-inner\"><img decoding=\"async\" class=\"swiper-slide-image\" src=\"https:\/\/www.saludsanjavier.cl\/sanjavier\/wp-content\/uploads\/2023\/08\/IMG_7114-Mejorado-NR-scaled.jpg\" alt=\"IMG_7114-Mejorado-NR\" \/><\/figure><\/div><div class=\"swiper-slide\" role=\"group\" aria-roledescription=\"slide\" aria-label=\"3 de 10\"><figure class=\"swiper-slide-inner\"><img decoding=\"async\" class=\"swiper-slide-image\" src=\"https:\/\/www.saludsanjavier.cl\/sanjavier\/wp-content\/uploads\/2023\/08\/IMG_7120-Mejorado-NR-scaled.jpg\" alt=\"IMG_7120-Mejorado-NR\" \/><\/figure><\/div><div class=\"swiper-slide\" role=\"group\" aria-roledescription=\"slide\" aria-label=\"4 de 10\"><figure class=\"swiper-slide-inner\"><img decoding=\"async\" class=\"swiper-slide-image\" src=\"https:\/\/www.saludsanjavier.cl\/sanjavier\/wp-content\/uploads\/2023\/08\/IMG_7121-Mejorado-NR-scaled.jpg\" alt=\"IMG_7121-Mejorado-NR\" \/><\/figure><\/div><div class=\"swiper-slide\" role=\"group\" aria-roledescription=\"slide\" aria-label=\"5 de 10\"><figure class=\"swiper-slide-inner\"><img decoding=\"async\" class=\"swiper-slide-image\" src=\"https:\/\/www.saludsanjavier.cl\/sanjavier\/wp-content\/uploads\/2023\/08\/IMG_7122-Mejorado-NR-scaled.jpg\" alt=\"IMG_7122-Mejorado-NR\" \/><\/figure><\/div><div class=\"swiper-slide\" role=\"group\" aria-roledescription=\"slide\" aria-label=\"6 de 10\"><figure class=\"swiper-slide-inner\"><img decoding=\"async\" class=\"swiper-slide-image\" src=\"https:\/\/www.saludsanjavier.cl\/sanjavier\/wp-content\/uploads\/2023\/08\/IMG_7127-Mejorado-NR-scaled.jpg\" alt=\"IMG_7127-Mejorado-NR\" \/><\/figure><\/div><div class=\"swiper-slide\" role=\"group\" aria-roledescription=\"slide\" aria-label=\"7 de 10\"><figure class=\"swiper-slide-inner\"><img decoding=\"async\" class=\"swiper-slide-image\" src=\"https:\/\/www.saludsanjavier.cl\/sanjavier\/wp-content\/uploads\/2023\/08\/IMG_7129-Mejorado-NR-scaled.jpg\" alt=\"IMG_7129-Mejorado-NR\" \/><\/figure><\/div><div class=\"swiper-slide\" role=\"group\" aria-roledescription=\"slide\" aria-label=\"8 de 10\"><figure class=\"swiper-slide-inner\"><img decoding=\"async\" class=\"swiper-slide-image\" src=\"https:\/\/www.saludsanjavier.cl\/sanjavier\/wp-content\/uploads\/2023\/08\/IMG_7131-Mejorado-NR-scaled.jpg\" alt=\"IMG_7131-Mejorado-NR\" \/><\/figure><\/div><div class=\"swiper-slide\" role=\"group\" aria-roledescription=\"slide\" aria-label=\"9 de 10\"><figure class=\"swiper-slide-inner\"><img decoding=\"async\" class=\"swiper-slide-image\" src=\"https:\/\/www.saludsanjavier.cl\/sanjavier\/wp-content\/uploads\/2023\/08\/IMG_7142-Mejorado-NR-scaled.jpg\" alt=\"IMG_7142-Mejorado-NR\" \/><\/figure><\/div><div class=\"swiper-slide\" role=\"group\" aria-roledescription=\"slide\" aria-label=\"10 de 10\"><figure class=\"swiper-slide-inner\"><img decoding=\"async\" class=\"swiper-slide-image\" src=\"https:\/\/www.saludsanjavier.cl\/sanjavier\/wp-content\/uploads\/2023\/08\/IMG_7146-Mejorado-NR-scaled.jpg\" alt=\"IMG_7146-Mejorado-NR\" \/><\/figure><\/div>\t\t\t<\/div>\n\t\t\t\t\t\t\t\t\t\t\t\t<div class=\"elementor-swiper-button elementor-swiper-button-prev\" role=\"button\" tabindex=\"0\">\n\t\t\t\t\t\t<i aria-hidden=\"true\" class=\"eicon-chevron-left\"><\/i>\t\t\t\t\t<\/div>\n\t\t\t\t\t<div class=\"elementor-swiper-button elementor-swiper-button-next\" role=\"button\" tabindex=\"0\">\n\t\t\t\t\t\t<i aria-hidden=\"true\" class=\"eicon-chevron-right\"><\/i>\t\t\t\t\t<\/div>\n\t\t\t\t\n\t\t\t\t\t\t\t\t\t<div class=\"swiper-pagination\"><\/div>\n\t\t\t\t\t\t\t\t\t<\/div>\n\t\t\t\t\t\t<\/div>\n\t\t\t\t<\/div>\n\t\t\t\t\t<\/div>\n\t\t<\/div>\n\t\t\t\t\t<\/div>\n\t\t<\/section>\n\t\t\t\t<\/div>\n\t\t","protected":false},"excerpt":{"rendered":"<p>Vacunaci\u00f3n DTPA para primeros y octavos b\u00e1sicos de la comuna. Desde este Lunes nuestro equipo de vacunaci\u00f3n del Cesfam Dr. Carlos D\u00edaz Gidi se traslada por los distintos colegios y escuelas de la comuna, el establecimiento educacional Colegio Piaget de San Javier fue el primero de esta semana con la vacunaci\u00f3n de primeros y octavos [&hellip;]<\/p>\n","protected":false},"author":2,"featured_media":2293,"comment_status":"open","ping_status":"open","sticky":false,"template":"","format":"standard","meta":{"site-sidebar-layout":"default","site-content-layout":"","ast-site-content-layout":"default","site-content-style":"default","site-sidebar-style":"default","ast-global-header-display":"","ast-banner-title-visibility":"","ast-main-header-display":"","ast-hfb-above-header-display":"","ast-hfb-below-header-display":"","ast-hfb-mobile-header-display":"","site-post-title":"","ast-breadcrumbs-content":"","ast-featured-img":"","footer-sml-layout":"","theme-transparent-header-meta":"","adv-header-id-meta":"","stick-header-meta":"","header-above-stick-meta":"","header-main-stick-meta":"","header-below-stick-meta":"","astra-migrate-meta-layouts":"default","ast-page-background-enabled":"default","ast-page-background-meta":{"desktop":{"background-color":"var(--ast-global-color-4)","background-image":"","background-repeat":"repeat","background-position":"center center","background-size":"auto","background-attachment":"scroll","background-type":"","background-media":"","overlay-type":"","overlay-color":"","overlay-opacity":"","overlay-gradient":""},"tablet":{"background-color":"","background-image":"","background-repeat":"repeat","background-position":"center center","background-size":"auto","background-attachment":"scroll","background-type":"","background-media":"","overlay-type":"","overlay-color":"","overlay-opacity":"","overlay-gradient":""},"mobile":{"background-color":"","background-image":"","background-repeat":"repeat","background-position":"center center","background-size":"auto","background-attachment":"scroll","background-type":"","background-media":"","overlay-type":"","overlay-color":"","overlay-opacity":"","overlay-gradient":""}},"ast-content-background-meta":{"desktop":{"background-color":"var(--ast-global-color-5)","background-image":"","background-repeat":"repeat","background-position":"center center","background-size":"auto","background-attachment":"scroll","background-type":"","background-media":"","overlay-type":"","overlay-color":"","overlay-opacity":"","overlay-gradient":""},"tablet":{"background-color":"var(--ast-global-color-5)","background-image":"","background-repeat":"repeat","background-position":"center center","background-size":"auto","background-attachment":"scroll","background-type":"","background-media":"","overlay-type":"","overlay-color":"","overlay-opacity":"","overlay-gradient":""},"mobile":{"background-color":"var(--ast-global-color-5)","background-image":"","background-repeat":"repeat","background-position":"center center","background-size":"auto","background-attachment":"scroll","background-type":"","background-media":"","overlay-type":"","overlay-color":"","overlay-opacity":"","overlay-gradient":""}},"wds_primary_category":4,"footnotes":""},"categories":[4],"tags":[],"class_list":["post-2290","post","type-post","status-publish","format-standard","has-post-thumbnail","hentry","category-cesfam"],"_links":{"self":[{"href":"https:\/\/www.saludsanjavier.cl\/sanjavier\/wp-json\/wp\/v2\/posts\/2290","targetHints":{"allow":["GET"]}}],"collection":[{"href":"https:\/\/www.saludsanjavier.cl\/sanjavier\/wp-json\/wp\/v2\/posts"}],"about":[{"href":"https:\/\/www.saludsanjavier.cl\/sanjavier\/wp-json\/wp\/v2\/types\/post"}],"author":[{"embeddable":true,"href":"https:\/\/www.saludsanjavier.cl\/sanjavier\/wp-json\/wp\/v2\/users\/2"}],"replies":[{"embeddable":true,"href":"https:\/\/www.saludsanjavier.cl\/sanjavier\/wp-json\/wp\/v2\/comments?post=2290"}],"version-history":[{"count":4,"href":"https:\/\/www.saludsanjavier.cl\/sanjavier\/wp-json\/wp\/v2\/posts\/2290\/revisions"}],"predecessor-version":[{"id":2304,"href":"https:\/\/www.saludsanjavier.cl\/sanjavier\/wp-json\/wp\/v2\/posts\/2290\/revisions\/2304"}],"wp:featuredmedia":[{"embeddable":true,"href":"https:\/\/www.saludsanjavier.cl\/sanjavier\/wp-json\/wp\/v2\/media\/2293"}],"wp:attachment":[{"href":"https:\/\/www.saludsanjavier.cl\/sanjavier\/wp-json\/wp\/v2\/media?parent=2290"}],"wp:term":[{"taxonomy":"category","embeddable":true,"href":"https:\/\/www.saludsanjavier.cl\/sanjavier\/wp-json\/wp\/v2\/categories?post=2290"},{"taxonomy":"post_tag","embeddable":true,"href":"https:\/\/www.saludsanjavier.cl\/sanjavier\/wp-json\/wp\/v2\/tags?post=2290"}],"curies":[{"name":"wp","href":"https:\/\/api.w.org\/{rel}","templated":true}]}}